{"id":2093,"date":"2026-08-14T20:21:16","date_gmt":"2026-08-14T20:21:16","guid":{"rendered":"https:\/\/cucinafurba.bedume.com\/?p=2093"},"modified":"2026-08-14T20:21:16","modified_gmt":"2026-08-14T20:21:16","slug":"aiuto-stop-francesco-gabbani-malore-improvviso-durante-il-concerto-1-2","status":"publish","type":"post","link":"https:\/\/cucinafurba.bedume.com\/?p=2093","title":{"rendered":"\u201cAiuto, stop!\u201d. Francesco Gabbani malore improvviso durante il concerto (1 \/ 2)"},"content":{"rendered":"<p>Una\u00a0<strong>performance attesissima<\/strong>\u00a0si \u00e8 fermata all\u2019improvviso, lasciando il pubblico con il fiato sospeso.<\/p>\n<p>Improvvisamente, tutto \u00e8 cambiato e\u00a0 il panico ha preso il sopravvento tra i fan che, fino a quel momento, avevano cantato a squarciagola i suoi brani.<\/p>\n<div class=\"gn-adunit-container hb_ad\">\n<div id=\"notsy_container_859219026\" class=\"NFE_VIDEO\" data-notsy-container-index=\"1\" data-notsy-mapped-container=\"1\" data-ym-video-sticky-mode=\"1\">\n<div id=\"video_31992-container\" class=\"nts-container\" data-mobile=\"0\">\n<div id=\"video_31992-sub-container\" class=\"ym-video--sub-container\">\n<div id=\"video_31992-placeholder\"><\/div>\n<div id=\"video_31992-float-container\" class=\"nts-float-container ym-float-container__sticky\">\n<div class=\"ym-video--player-container\">\n<div id=\"video_31992\" class=\"video-js vjs-default-skin vjs-big-play-centered vjs-paused video_31992-dimensions vjs-fluid vjs-controls-enabled vjs-workinghover vjs-v7 vjs-user-active\" lang=\"fr-fr\" tabindex=\"-1\" role=\"region\" aria-label=\"Video Player\">\n<div class=\"vjs-poster\" aria-disabled=\"false\"><\/div>\n<div class=\"vjs-text-track-display\" aria-live=\"off\" aria-atomic=\"true\">\n<div><\/div>\n<\/div>\n<\/div>\n<\/div>\n<\/div>\n<\/div>\n<\/div>\n<\/div>\n<\/div>\n<p>Tra\u00a0<strong>preoccupazione e volti impietriti,<\/strong>\u00a0 \u00a0tutti si sono guardati tra loro impotenti.<\/p>\n<p>&nbsp;<\/p>\n<p>Smarrimento, paura, apprensione,\u00a0 \u00a0hanno preso il posto dell\u2019adrenalina legata all\u2019esibizione dal vivo.<\/p>\n<p>Si parla di\u00a0<strong>malore improvviso, per Francesco Gabbani, durante il concerto<\/strong>\u00a0ma cosa \u00e8 accaduto? Come sta?<!--nextpage--><\/p>\n<p>Le perfomance dal vivo dei\u00a0 cantanti pi\u00f9 famosi\u00a0 sono eventi attesissimi ma gli imprevisti non mancano e stavolta sono i fan di Francesco Gabbani ad essere in apprensione, dopo che il panico ha preso il sopravvento.<\/p>\n<div class=\"gn-adunit-container hb_ad\">\n<div id=\"notsy_container_30770271\" class=\"NFE_VIDEO\" data-notsy-container-index=\"1\" data-notsy-mapped-container=\"1\" data-ym-video-sticky-mode=\"1\">\n<div id=\"video_85848-container\" class=\"nts-container\" data-mobile=\"0\">\n<div id=\"video_85848-sub-container\" class=\"ym-video--sub-container\">\n<div id=\"video_85848-placeholder\"><\/div>\n<div id=\"video_85848-float-container\" class=\"nts-float-container ym-float-container__sticky\">\n<div class=\"ym-video--player-container\">\n<div id=\"video_85848\" class=\"video-js vjs-default-skin vjs-big-play-centered vjs-paused video_85848-dimensions vjs-fluid vjs-controls-enabled vjs-workinghover vjs-v7 vjs-user-active\" lang=\"fr-fr\" tabindex=\"-1\" role=\"region\" aria-label=\"Video Player\"><\/div>\n<\/div>\n<div class=\"ym-video-sticky-close ym-video-sticky-close__md ym-video-sticky-close__square ym-video-sticky-close__right\">\n<div><\/div>\n<\/div>\n<\/div>\n<\/div>\n<\/div>\n<\/div>\n<\/div>\n<div id=\"donna_box_incontent_dk_1-1\" class=\"gn-adunit-container hb_ad\" data-adunit-id=\"donna_box_incontent_dk_1\" data-adunit-format-type=\"inPage\" data-inject-position=\"inContent\" data-adunit-initialized=\"true\" data-google-query-id=\"CLfxy-KznZYDFeOChAcdLqkm5w\" data-adunit-empty=\"false\">\n<div id=\"google_ads_iframe_\/9528481\/Fidelityhouse.eu\/donna\/donna_box_incontent_dk_1_0__container__\"><\/div>\n<\/div>\n<p>All\u2019atmosfera\u00a0 carica di adrenalina del concerto, si\u00a0 sono contrapposti momenti che non si\u00a0 possono dimenticare ma come sta ora? Quali sono gli ultimi aggiornamenti ufficiali?<\/p>\n<p>Dal momento che si \u00e8 parlato di malore,\u00a0 scopriamo cosa \u00e8 successo esattamente e se ci sono notizie rincuoranti dopo tanta paura, sopraggiunta come una doccia fredda.<!--nextpage--><\/p>\n<p>A\u00a0<strong>Letojanni, in provincia di Messina<\/strong>, l\u2019attesa per il\u00a0<strong>concerto di Francesco Gabbani<\/strong>\u00a0si \u00e8 trasformata in pochi minuti in apprensione.\u00a0<strong>Piazza Cagli<\/strong>\u00a0era gremita per l\u2019appuntamento gratuito del<strong>\u00a0Letojanni Summer Festival,<\/strong>\u00a0quando l\u2019esibizione ha preso una piega inattesa.Il cantautore toscano aveva aperto la scaletta con \u201cSpazio tempo\u201d, proseguendo con altri quattro brani. Poi, per\u00f2,\u00a0<strong>ha lasciato il palco<\/strong>. Nei filmati diffusi online, gi\u00e0 dalle prime battute sembrava meno energico del solito, con un\u2019esibizione apparsa insolitamente contenuta.<\/p>\n<p>Dopo alcuni minuti di attesa, davanti agli spettatori \u00e8 intervenuto il<strong>\u00a0sindaco di Letojanni, Alessandro Costa<\/strong>. Il primo cittadino ha comunicato che\u00a0<strong>Francesco Gabbani aveva accusato un leggero malore<\/strong>\u00a0e che sarebbero stati necessari ulteriori accertamenti. Per questo, ha spiegato, la serata non poteva continuare.\u00a0<strong>Nessuna informazione ufficiale pi\u00f9 dettagliata sulle condizioni dell\u2019artista o sulle cause dell\u2019indisposizione \u00e8 stata resa nota<\/strong>. La priorit\u00e0, ha sottolineato Costa, era tutelare la salute del cantante. Il pubblico ha quindi accolto la sospensione con comprensione, rivolgendogli idealmente gli\u00a0<strong>auguri di pronta ripresa.\u00a0<\/strong>Francesco Gabbani, nato a Carrara nel 1982, \u00e8 tra i nomi pi\u00f9 noti del pop italiano. La svolta arriv\u00f2 nel 2017 con la vittoria a Sanremo grazie a \u201cOccidentali\u2019s Karma\u201d, seguita dalla partecipazione all\u2019Eurovision. Nel 2020 conquist\u00f2 il secondo posto con \u201cViceversa\u201d e nel 2025 torn\u00f2 in gara con \u201cViva la vita\u201d. Nel 2026 \u00e8 inoltre entrato nella giuria di X Factor. Tra i successi figurano anche \u201cTra le granite e le granate\u201d e \u201cPachidermi e pappagalli\u201d, mentre gli album hanno ampliato un percorso gi\u00e0 consolidato nel tempo.<\/p>\n<div class=\"justread-ad justread-ad--ad-before-nav\"><\/div>\n<p>&nbsp;<\/p>\n","protected":false},"excerpt":{"rendered":"<p>Una\u00a0performance attesissima\u00a0si \u00e8 fermata all\u2019improvviso, lasciando il pubblico con il fiato sospeso. Improvvisamente, tutto \u00e8 cambiato e\u00a0 il panico ha&hellip;<\/p>\n","protected":false},"author":2,"featured_media":0,"comment_status":"open","ping_status":"open","sticky":false,"template":"","format":"standard","meta":{"footnotes":""},"categories":[1],"tags":[],"class_list":["post-2093","post","type-post","status-publish","format-standard","hentry","category-uncategorized"],"_links":{"self":[{"href":"https:\/\/cucinafurba.bedume.com\/index.php?rest_route=\/wp\/v2\/posts\/2093","targetHints":{"allow":["GET"]}}],"collection":[{"href":"https:\/\/cucinafurba.bedume.com\/index.php?rest_route=\/wp\/v2\/posts"}],"about":[{"href":"https:\/\/cucinafurba.bedume.com\/index.php?rest_route=\/wp\/v2\/types\/post"}],"author":[{"embeddable":true,"href":"https:\/\/cucinafurba.bedume.com\/index.php?rest_route=\/wp\/v2\/users\/2"}],"replies":[{"embeddable":true,"href":"https:\/\/cucinafurba.bedume.com\/index.php?rest_route=%2Fwp%2Fv2%2Fcomments&post=2093"}],"version-history":[{"count":1,"href":"https:\/\/cucinafurba.bedume.com\/index.php?rest_route=\/wp\/v2\/posts\/2093\/revisions"}],"predecessor-version":[{"id":2095,"href":"https:\/\/cucinafurba.bedume.com\/index.php?rest_route=\/wp\/v2\/posts\/2093\/revisions\/2095"}],"wp:attachment":[{"href":"https:\/\/cucinafurba.bedume.com\/index.php?rest_route=%2Fwp%2Fv2%2Fmedia&parent=2093"}],"wp:term":[{"taxonomy":"category","embeddable":true,"href":"https:\/\/cucinafurba.bedume.com\/index.php?rest_route=%2Fwp%2Fv2%2Fcategories&post=2093"},{"taxonomy":"post_tag","embeddable":true,"href":"https:\/\/cucinafurba.bedume.com\/index.php?rest_route=%2Fwp%2Fv2%2Ftags&post=2093"}],"curies":[{"name":"wp","href":"https:\/\/api.w.org\/{rel}","templated":true}]}}