{"id":1720,"date":"2026-08-11T19:25:39","date_gmt":"2026-08-11T19:25:39","guid":{"rendered":"https:\/\/cucinafurba.bedume.com\/?p=1720"},"modified":"2026-08-11T19:25:39","modified_gmt":"2026-08-11T19:25:39","slug":"addio-marcella-bella-tutta-la-penisola-piange-per-lamata-cantante-2","status":"publish","type":"post","link":"https:\/\/cucinafurba.bedume.com\/?p=1720","title":{"rendered":"\u201cAddio Marcella Bella\u201d. Tutta la Penisola piange per l\u2019amata cantante"},"content":{"rendered":"<p>Le sue\u00a0<strong>rare interviste<\/strong>\u00a0hanno sempre lasciato intendere che il bisogno di serenit\u00e0 fosse diventato una priorit\u00e0, alimentando ancora di pi\u00f9 l\u2019interesse del pubblico sulle sue scelte lontano dai riflettori.<\/p>\n<div id=\"donna_box_incontent_dk_2-1\" class=\"gn-adunit-container hb_ad\" data-adunit-id=\"donna_box_incontent_dk_2\" data-adunit-format-type=\"inPage\" data-inject-position=\"inContent\" data-adunit-lazyload=\"true\" data-adunit-fetched=\"true\" data-adunit-initialized=\"true\"><\/div>\n<p><img loading=\"lazy\" decoding=\"async\" class=\"multipageimage alignnone wp-image-345961 size-full\" src=\"https:\/\/donna.fidelityhouse.eu\/wp-content\/uploads\/sites\/8\/2024\/03\/mara-venier-marcella-bella.jpg\" alt=\"\" width=\"1280\" height=\"720\" \/><\/p>\n<div id=\"donna_native_affiliation-1\" class=\"gn-adunit-container hb_ad\" data-adunit-id=\"donna_native_affiliation\" data-adunit-format-type=\"inPage\" data-inject-position=\"before\" data-adunit-lazyload=\"true\" data-adunit-fetched=\"true\" data-adunit-initialized=\"true\" data-google-query-id=\"CMqJyoqd85UDFZRC9ggd3q01jA\" data-adunit-empty=\"true\">\n<div id=\"google_ads_iframe_\/9528481\/Fidelityhouse.eu\/donna\/donna_native_affiliation_0__container__\"><\/div>\n<\/div>\n<p>La\u00a0<strong>svolta<\/strong>\u00a0\u00e8 arrivata con il trasferimento a Ibiza, dove Marcella Bella ha deciso di vivere stabilmente. Ospite di Domenica In, la cantante ha raccontato a Mara Venier di aver trovato sull\u2019isola spagnola il luogo ideale per una vita pi\u00f9 tranquilla. \u201cUn posto piccolo, dove tutti mi conoscono e mi amano ormai, ma non tutti sanno che sono una cantante. Ho pi\u00f9 libert\u00e0 perch\u00e9 non mi riconoscono. \u00c8 un posto simile alla Sicilia. Anche l\u00ec ci sono tutte quelle piante grasse, i fichi d\u2019India\u201d, ha spiegato.<\/p>\n<div id=\"donna_box_incontent_dk_3-1\" class=\"gn-adunit-container hb_ad\" data-adunit-id=\"donna_box_incontent_dk_3\" data-adunit-format-type=\"inPage\" data-inject-position=\"inContent\" data-adunit-lazyload=\"true\" data-adunit-fetched=\"true\" data-adunit-initialized=\"true\" data-google-query-id=\"CPSg7oqd85UDFQ1C9ggdfqgUyw\" data-adunit-empty=\"false\">\n<div id=\"google_ads_iframe_\/9528481\/Fidelityhouse.eu\/donna\/donna_box_incontent_dk_3_0__container__\"><\/div>\n<div class=\"teads-inread sm-screen\">\n<div>\n<div id=\"teads0\" class=\"teads-player\"><\/div>\n<\/div>\n<\/div>\n<\/div>\n<p>La scelta di lasciare l\u2019Italia ha sorpreso molti dei suoi\u00a0<strong>sostenitori<\/strong>, ma per l\u2019artista rappresenta un nuovo equilibrio. Ibiza, oltre alla vivace stagione estiva, offre infatti zone immerse nella natura e lontane dal caos, dove Marcella Bella pu\u00f2 godersi la quotidianit\u00e0 con maggiore riservatezza.<\/p>\n","protected":false},"excerpt":{"rendered":"<p>Le sue\u00a0rare interviste\u00a0hanno sempre lasciato intendere che il bisogno di serenit\u00e0 fosse diventato una priorit\u00e0, alimentando ancora di pi\u00f9 l\u2019interesse&hellip;<\/p>\n","protected":false},"author":2,"featured_media":1721,"comment_status":"open","ping_status":"open","sticky":false,"template":"","format":"standard","meta":{"footnotes":""},"categories":[1],"tags":[],"class_list":["post-1720","post","type-post","status-publish","format-standard","has-post-thumbnail","hentry","category-uncategorized"],"_links":{"self":[{"href":"https:\/\/cucinafurba.bedume.com\/index.php?rest_route=\/wp\/v2\/posts\/1720","targetHints":{"allow":["GET"]}}],"collection":[{"href":"https:\/\/cucinafurba.bedume.com\/index.php?rest_route=\/wp\/v2\/posts"}],"about":[{"href":"https:\/\/cucinafurba.bedume.com\/index.php?rest_route=\/wp\/v2\/types\/post"}],"author":[{"embeddable":true,"href":"https:\/\/cucinafurba.bedume.com\/index.php?rest_route=\/wp\/v2\/users\/2"}],"replies":[{"embeddable":true,"href":"https:\/\/cucinafurba.bedume.com\/index.php?rest_route=%2Fwp%2Fv2%2Fcomments&post=1720"}],"version-history":[{"count":1,"href":"https:\/\/cucinafurba.bedume.com\/index.php?rest_route=\/wp\/v2\/posts\/1720\/revisions"}],"predecessor-version":[{"id":1722,"href":"https:\/\/cucinafurba.bedume.com\/index.php?rest_route=\/wp\/v2\/posts\/1720\/revisions\/1722"}],"wp:featuredmedia":[{"embeddable":true,"href":"https:\/\/cucinafurba.bedume.com\/index.php?rest_route=\/wp\/v2\/media\/1721"}],"wp:attachment":[{"href":"https:\/\/cucinafurba.bedume.com\/index.php?rest_route=%2Fwp%2Fv2%2Fmedia&parent=1720"}],"wp:term":[{"taxonomy":"category","embeddable":true,"href":"https:\/\/cucinafurba.bedume.com\/index.php?rest_route=%2Fwp%2Fv2%2Fcategories&post=1720"},{"taxonomy":"post_tag","embeddable":true,"href":"https:\/\/cucinafurba.bedume.com\/index.php?rest_route=%2Fwp%2Fv2%2Ftags&post=1720"}],"curies":[{"name":"wp","href":"https:\/\/api.w.org\/{rel}","templated":true}]}}